{"id":99,"date":"2025-09-10T22:25:52","date_gmt":"2025-09-10T22:25:52","guid":{"rendered":"https:\/\/kretly.com.br\/blog\/?p=99"},"modified":"2025-09-10T22:28:34","modified_gmt":"2025-09-10T22:28:34","slug":"como-o-corona-ira-impactar-o-design","status":"publish","type":"post","link":"https:\/\/kretly.com.br\/blog\/como-o-corona-ira-impactar-o-design\/","title":{"rendered":"Como o Corona ir\u00e1 impactar o design?"},"content":{"rendered":"\n<p>\u00c9 not\u00f3rio o impacto imediato do Covid-19. Tivemos que acelerar em anos ou d\u00e9cadas um processo que j\u00e1 existia de comunica\u00e7\u00e3o, estudo e trabalho remoto. \u00c1reas refrat\u00e1rias a tecnologia ou ao famigerado home-office, compulsoriamente passaram a adotar o modelo em todos os departamentos poss\u00edveis e se adaptar ao seu uso, mas qual ser\u00e1 seu poss\u00edvel impacto no design?<\/p>\n\n\n\n<p>Em primeiro lugar, devemos nos lembra de que design n\u00e3o \u00e9 aquela arte bonitinha que fazendo no Photoshop. Design \u00e9 qualquer concep\u00e7\u00e3o que defina a forma e a funcionalidade de um produto, seja ele f\u00edsico ou virtual.&nbsp;<\/p>\n\n\n\n<p>Em janeiro voc\u00ea se imaginava em um e-commerce escolhendo estampa de m\u00e1scara que n\u00e3o fosse pro carnaval? Quantos de n\u00f3s se viu instalando os APPs de mercados para fazer as compras dos pr\u00f3ximos 15 dias? E dos mercados que frequentava, quais possuem bom sistema e quantos outros nem venda online possui? N\u00e3o \u00e9 da nossa cultura o uso de m\u00e1scaras, muitos brasileiros ainda possu\u00edam avers\u00e3o em comprar coisas pela internet e o que era tido como intrinsicamente cultural, em quest\u00e3o de poucas semanas teve de dar lugar \u00e0 novas rotinas, novas necessidades e novos interesses.<\/p>\n\n\n\n<p>Toda pandemia \u00e9 respons\u00e1vel por mudan\u00e7as de grande impacto na forma como pensamos o urbanismo e nossos h\u00e1bitos. Lavar as m\u00e3os, canalizar dejetos, proteger os alimentos do contato de animais e insetos, n\u00e3o defenestrar o lixo nas ruas e vacina\u00e7\u00e3o em massa s\u00e3o s\u00f3 alguns dos muitos exemplos de aprendizados que mantemos de outras epidemias e que geraram toda uma s\u00e9rie de novos produtos que fazem parte de nosso cotidiano de forma que nem pensamos sobre o assunto.&nbsp;<\/p>\n\n\n\n<p>Podemos imaginar que passada a pandemia, se voc\u00ea estivesse interessado em comprar um im\u00f3vel, acredito que possivelmente daria mais prioridade para aqueles em que haja um espa\u00e7o para voc\u00ea ter seu home-office isolado da casa, imagino tamb\u00e9m que lhe pare\u00e7a um bom diferencial se o im\u00f3vel possuir uma \u00e1rea de servi\u00e7o ou banheiro pr\u00f3ximo \u00e0&nbsp;entrada, onde as m\u00e3os e rosto possam ser lavados, assim como roupas e cal\u00e7ados possam ser retirados antes de passar por toda casa, certo?<\/p>\n\n\n\n<figure class=\"wp-block-image\"><img decoding=\"async\" src=\"https:\/\/media.licdn.com\/dms\/image\/v2\/C4D12AQFO_NlM3EceeQ\/article-inline_image-shrink_1500_2232\/article-inline_image-shrink_1500_2232\/0\/1588569092948?e=1759968000&amp;v=beta&amp;t=glwTc_dZe9iVnqSJzjj6PKIp9IgZr0mRkeNhhDdW8Ow\" alt=\"Image by Russ Ward\"\/><\/figure>\n\n\n\n<p>Quest\u00f5es que talvez n\u00e3o tivessem relev\u00e2ncia at\u00e9 entrarmos na quarentena, hoje martelam nossas cabe\u00e7as todos os dias. Qual a necessidade por exemplo de abrir a porta do elevador e clicar onde quero ir se eu j\u00e1 moro no pr\u00e9dio e se n\u00e3o moro, \u00e9 pr\u00e1tica comum que j\u00e1 tenha sido anunciado na portaria. Em muitos pr\u00e9dios comerciais isto j\u00e1 ocorre com o crach\u00e1 ao passar pela catraca, mas c\u00e2meras de seguran\u00e7a e assistentes de voz podem ser nossos novos mecanismos para se checar meus acessos e me levar at\u00e9 onde desejo ir.&nbsp;<\/p>\n\n\n\n<figure class=\"wp-block-image\"><img decoding=\"async\" src=\"https:\/\/media.licdn.com\/dms\/image\/v2\/C4D12AQGbvdku9vDRuw\/article-inline_image-shrink_1500_2232\/article-inline_image-shrink_1500_2232\/0\/1588569211357?e=1759968000&amp;v=beta&amp;t=KiiT4UkGTHhx20R7OFZfBOzwKQdchP5jSjnDtiWf3LQ\" alt=\"Image by Jonas Leupe\"\/><\/figure>\n\n\n\n<p>Se acha isso muito futurista para ser usado pelo cidad\u00e3o m\u00e9dio em pouco tempo, usemos o que j\u00e1 temos em m\u00e3os. Hoje boa parte dos celulares possuem tecnologias NFC que lhe permite interagir com outros dispositivos apenas o aproximando. Algumas operadoras de pagamento virtual como o Samsung Pay e Apple Pay j\u00e1 possuem este modelo que evita ter de inserir cart\u00e3o e digitar senha nas maquininhas das lojas assim como j\u00e1 \u00e9 testado este modelo pra o uso no transporte p\u00fablico.<\/p>\n\n\n\n<p>Este modelo tem apresentado grande crescimento na busca por parte dos usu\u00e1rios por sua praticidade e tudo leva a crer que tenha ainda mais adeptos agora na tentativa de mitigar contato com superf\u00edcies constantemente expostas \u00e0 riscos de cont\u00e1gio e hoje pode ganhar for\u00e7a \u00e0queles que se viam resistentes ao seu uso at\u00e9 ent\u00e3o.<\/p>\n\n\n\n<p>Nos auto-atendimentos banc\u00e1rios, este mesmo recurso atrelado \u00e0 outras valida\u00e7\u00f5es de seguran\u00e7a como identifica\u00e7\u00e3o facial ou de retina nos&nbsp;poderiam ser um substituto das tradicionais senhas ou escaneamento de digital como ocorre com as ATM de bancos como o Ita\u00fa e Bradesco por exemplo.<\/p>\n\n\n\n<figure class=\"wp-block-image\"><img decoding=\"async\" src=\"https:\/\/media.licdn.com\/dms\/image\/v2\/C4D12AQGysVjEu4zDLw\/article-inline_image-shrink_1500_2232\/article-inline_image-shrink_1500_2232\/0\/1588569575947?e=1759968000&amp;v=beta&amp;t=chQj_cxO_gTd3MeMu7No-uP3NqpJe0wws3Wx-YoHNT4\" alt=\"Image by Bence Boros\"\/><\/figure>\n\n\n\n<p>Outra aposta s\u00e3o os assistentes virtuais, Bixby, da Samsung, Alexa, da Amazon, Cortana, da Microsoft, Siri, da Apple, Google Assistant e outros que j\u00e1 s\u00e3o realidade e seu uso tende a ser cada vez atrelado ao seu dia a dia. Por que n\u00e3o explorarmos seu uso com os dados do transporte p\u00fablico para nos indicar quanto tempo temos at\u00e9 o pr\u00f3ximo \u00f4nibus chegar ou apontar qual vag\u00e3o de metr\u00f4 possui menos usu\u00e1rios? Eu n\u00e3o poderia ter um assistente que preenche a ficha nos lugares em que preciso me cadastrar?<\/p>\n\n\n\n<p>Na \u00e1rea da sa\u00fade, em casos de baixa gravidade existe muito espa\u00e7o para cria\u00e7\u00e3o e aperfei\u00e7oamento de modelos e tecnologias para ado\u00e7\u00e3o da telemedicina e o atendimento m\u00e9dico a dist\u00e2ncia ou ao menos agilizar o processo j\u00e1 tendo o processo de triagem antes de ir ao hospital para evitar que o paciente fique por tempo prolongado nas salas de espera exposto \u00e0 outros agentes contaminantes. Para outros casos, dispositivos wearables como rel\u00f3gios, pulseiras e an\u00e9is j\u00e1 s\u00e3o realidade, mas seu uso ainda possui muito o que evoluir e podem se tornar grandes recursos para o acompanhamento m\u00e9dico.&nbsp;<\/p>\n\n\n\n<figure class=\"wp-block-image\"><img decoding=\"async\" src=\"https:\/\/media.licdn.com\/dms\/image\/v2\/C4D12AQHarq51m9Nutw\/article-inline_image-shrink_1500_2232\/article-inline_image-shrink_1500_2232\/0\/1588569774990?e=1759968000&amp;v=beta&amp;t=yPOuGVDk_ijo4xhP1XKyCvxIbEkgk2LiHIePlyLOWs0\" alt=\"Andrew Neel\"\/><\/figure>\n\n\n\n<p>J\u00e1 o ensino \u00e0 dist\u00e2ncia tem ganho espa\u00e7o nos \u00faltimos anos, mas ainda \u00e9 o patinho feio da educa\u00e7\u00e3o. Muitos cursos ainda n\u00e3o est\u00e3o adaptados \u00e0 uma din\u00e2mica cheia de especificidades e limita\u00e7\u00f5es de um lado e de outro, pouco conhecimento das tecnologias e recursos que podem ser explorados dentro deste ambiente. De qualquer forma, mesmo os alunos que prestaram para fazer cursos presenciais, foram catapultados para a EAD com o surgimento do Coronav\u00edrus. Isto ter\u00e1 como primeiro impacto o aumento da receptividade ao modelo da educa\u00e7\u00e3o \u00e0 dist\u00e2ncia ao mesmo tempo que destes alunos, muitos que apresentavam predile\u00e7\u00e3o pelo ensino presencial, encontrar\u00e3o outras vantagens que o ensino virtual pode lhe oferecer e com isso, torna-se um campo rico para crescimento.&nbsp;<\/p>\n\n\n\n<p>Seja no cria\u00e7\u00e3o de interfaces amig\u00e1veis, produ\u00e7\u00e3o de medias audio-visuais mais cativantes e desenvolvimento de projetos mais interativos e aqui, acredito eu que as EADs que souberem melhor se apropriar dos modelos encontrados nos jogos virtuais, utilizar da gamefica\u00e7\u00e3o na produ\u00e7\u00e3o de seu conte\u00fado e conseguir criar um ambiente virtual em que os alunos se sintam mais conectados entre si, gerando maior sentimento de pertencimento, se destacar\u00e1 muito rapidamente neste meio.<\/p>\n\n\n\n<p>Enfim, o assunto \u00e9 vasto, as possibilidades s\u00e3o infind\u00e1veis e eu gostaria de propor esta reflex\u00e3o. As tecnologias est\u00e3o a\u00ed, as necessidades est\u00e3o sendo criadas a cada dia da crise, nossos h\u00e1bitos est\u00e3o se transformando rapidamente e como bem disse o Atila Iamarino, quando tudo isso acabar, voltaremos para um novo normal.<\/p>\n\n\n\n<p><\/p>\n","protected":false},"excerpt":{"rendered":"<p>\u00c9 not\u00f3rio o impacto imediato do Covid-19. Tivemos que acelerar em anos ou [&hellip;]<\/p>\n","protected":false},"author":1,"featured_media":100,"comment_status":"closed","ping_status":"open","sticky":false,"template":"","format":"standard","meta":{"footnotes":""},"categories":[1],"tags":[],"class_list":["post-99","post","type-post","status-publish","format-standard","has-post-thumbnail","hentry","category-blog"],"_links":{"self":[{"href":"https:\/\/kretly.com.br\/blog\/wp-json\/wp\/v2\/posts\/99","targetHints":{"allow":["GET"]}}],"collection":[{"href":"https:\/\/kretly.com.br\/blog\/wp-json\/wp\/v2\/posts"}],"about":[{"href":"https:\/\/kretly.com.br\/blog\/wp-json\/wp\/v2\/types\/post"}],"author":[{"embeddable":true,"href":"https:\/\/kretly.com.br\/blog\/wp-json\/wp\/v2\/users\/1"}],"replies":[{"embeddable":true,"href":"https:\/\/kretly.com.br\/blog\/wp-json\/wp\/v2\/comments?post=99"}],"version-history":[{"count":3,"href":"https:\/\/kretly.com.br\/blog\/wp-json\/wp\/v2\/posts\/99\/revisions"}],"predecessor-version":[{"id":104,"href":"https:\/\/kretly.com.br\/blog\/wp-json\/wp\/v2\/posts\/99\/revisions\/104"}],"wp:featuredmedia":[{"embeddable":true,"href":"https:\/\/kretly.com.br\/blog\/wp-json\/wp\/v2\/media\/100"}],"wp:attachment":[{"href":"https:\/\/kretly.com.br\/blog\/wp-json\/wp\/v2\/media?parent=99"}],"wp:term":[{"taxonomy":"category","embeddable":true,"href":"https:\/\/kretly.com.br\/blog\/wp-json\/wp\/v2\/categories?post=99"},{"taxonomy":"post_tag","embeddable":true,"href":"https:\/\/kretly.com.br\/blog\/wp-json\/wp\/v2\/tags?post=99"}],"curies":[{"name":"wp","href":"https:\/\/api.w.org\/{rel}","templated":true}]}}